{"id":7202,"date":"2025-02-22T17:23:45","date_gmt":"2025-02-22T16:23:45","guid":{"rendered":"https:\/\/lesjoliescuvees.com\/?p=7202"},"modified":"2025-02-28T19:01:24","modified_gmt":"2025-02-28T18:01:24","slug":"duo-marmandais-jusquau-28-fevrier","status":"publish","type":"post","link":"https:\/\/lesjoliescuvees.com\/index.php\/2025\/02\/22\/duo-marmandais-jusquau-28-fevrier\/","title":{"rendered":"Duo marmandais &#8211; termin\u00e9"},"content":{"rendered":"\n<p>D\u00e9tour par les C\u00f4tes du Marmandais pour cette nouvelle vente sur Les Jolies Cuv\u00e9es. Depuis de nombreuses ann\u00e9es,<strong> Elian Da Ros<\/strong> est le vigneron embl\u00e9matique de l&rsquo;appellation avec un travail exemplaire \u00e0 la vigne et des cuv\u00e9es d&rsquo;une grande pr\u00e9cision. Il est depuis quelques mill\u00e9simes rejoint au sommet de ce coin du Lot-et-Garonne par sa compagne <strong>Sandrine Farrugia<\/strong> qui produit sous sa propre \u00e9tiquette des cuv\u00e9es tout aussi d\u00e9licieuses.<\/p>\n\n\n\n<p>Concernant les vins : en rouge chez Elian da Ros, le Vin est une F\u00eate, cuv\u00e9e de fraicheur avec sa petite touche d&rsquo;abouriou, c\u00e9page local. Puis deux mill\u00e9simes de Chante Coucou, cuv\u00e9e avec une belle mati\u00e8re et de l&rsquo;\u00e9paisseur ; en blanc, Coucou blanc, cuv\u00e9e de petite production qui fait la part belle au s\u00e9millon et au sauvignon pour un magnifique blanc de gastronomie. Chez Sandrine Farrugia, deux cuv\u00e9es, La Vague en rouge, cabernet franc, merlot et abouriou pour 1\/3 chacun, tout en \u00e9quilibre ; et 52 Ares en blanc, sauvignon et s\u00e9millon \u00e0 50\/50 tout en fraicheur et tension !<\/p>\n\n\n\n<p><\/p>\n","protected":false},"excerpt":{"rendered":"<p>D\u00e9tour par les C\u00f4tes du Marmandais pour cette nouvelle vente sur Les Jolies Cuv\u00e9es. Depuis de nombreuses ann\u00e9es, Elian Da Ros est le vigneron embl\u00e9matique de l&rsquo;appellation avec un travail exemplaire \u00e0 la vigne et des cuv\u00e9es d&rsquo;une grande pr\u00e9cision. Il est depuis quelques mill\u00e9simes rejoint au sommet de ce coin du Lot-et-Garonne par sa [&#8230;]\n","protected":false},"author":1,"featured_media":0,"comment_status":"closed","ping_status":"open","sticky":false,"template":"","format":"standard","meta":{"footnotes":""},"categories":[2],"tags":[10,505],"class_list":["post-7202","post","type-post","status-publish","format-standard","hentry","category-ventes","tag-biodynamie","tag-cotes-du-marmandais-2"],"_links":{"self":[{"href":"https:\/\/lesjoliescuvees.com\/index.php\/wp-json\/wp\/v2\/posts\/7202","targetHints":{"allow":["GET"]}}],"collection":[{"href":"https:\/\/lesjoliescuvees.com\/index.php\/wp-json\/wp\/v2\/posts"}],"about":[{"href":"https:\/\/lesjoliescuvees.com\/index.php\/wp-json\/wp\/v2\/types\/post"}],"author":[{"embeddable":true,"href":"https:\/\/lesjoliescuvees.com\/index.php\/wp-json\/wp\/v2\/users\/1"}],"replies":[{"embeddable":true,"href":"https:\/\/lesjoliescuvees.com\/index.php\/wp-json\/wp\/v2\/comments?post=7202"}],"version-history":[{"count":2,"href":"https:\/\/lesjoliescuvees.com\/index.php\/wp-json\/wp\/v2\/posts\/7202\/revisions"}],"predecessor-version":[{"id":7212,"href":"https:\/\/lesjoliescuvees.com\/index.php\/wp-json\/wp\/v2\/posts\/7202\/revisions\/7212"}],"wp:attachment":[{"href":"https:\/\/lesjoliescuvees.com\/index.php\/wp-json\/wp\/v2\/media?parent=7202"}],"wp:term":[{"taxonomy":"category","embeddable":true,"href":"https:\/\/lesjoliescuvees.com\/index.php\/wp-json\/wp\/v2\/categories?post=7202"},{"taxonomy":"post_tag","embeddable":true,"href":"https:\/\/lesjoliescuvees.com\/index.php\/wp-json\/wp\/v2\/tags?post=7202"}],"curies":[{"name":"wp","href":"https:\/\/api.w.org\/{rel}","templated":true}]}}