{"id":657,"date":"2021-01-22T20:48:04","date_gmt":"2021-01-22T19:48:04","guid":{"rendered":"http:\/\/lesjoliescuvees.com\/?p=657"},"modified":"2021-02-05T20:45:47","modified_gmt":"2021-02-05T19:45:47","slug":"domaine-trapet-jusquau-5-fevrier","status":"publish","type":"post","link":"https:\/\/lesjoliescuvees.com\/index.php\/2021\/01\/22\/domaine-trapet-jusquau-5-fevrier\/","title":{"rendered":"Domaine Trapet &#8211; termin\u00e9"},"content":{"rendered":"\n<p>(<em>Fran\u00e7ois<\/em>) L&rsquo;une des toutes 1\u00e8res ventes des Jolies Cuv\u00e9es revient avec le nouveau mill\u00e9sime mis en vente par le domaine <a rel=\"noreferrer noopener\" href=\"http:\/\/www.domaine-trapet.fr\/\" target=\"_blank\">Trapet<\/a> : 2018 ! Ce domaine embl\u00e9matique de Gevrey-Chambertin poursuit sa qu\u00eate d&rsquo;excellence \u00e0 travers les mill\u00e9simes, pour notre plus grand bonheur. Le mill\u00e9sime 2018 est grandiose, offrant, selon les mots de la famille Trapet, des \u00e9quilibres parfaits ! En bref, l&rsquo;harmonie est au rendez-vous, offrant de magnifiques et grands vins de Bourgogne !<\/p>\n\n\n\n<p>Le 1er Cru Petite Chapelle pr\u00e9sente un bouquet pur et pr\u00e9cis, soutenu par une belle trame acide et une finale persistante : potentiel de garde d&rsquo;au moins 20 ans ! Le Gevrey Ostrea est soyeux avec des tannins fondus : peut-\u00eatre le meilleur mill\u00e9sime de cette cuv\u00e9e. Le Gevrey Village, vinifi\u00e9 avec 50% de grappes enti\u00e8res demande un peu d&rsquo;ouverture encore pour exprimer tout son potentiel et sa grande profondeur. Les Marsannay sont souples et gourmands, avec une palette aromatique des plus expressives sur le blanc. Le A Minima rouge offre un pur fruit rouge, gourmand \u00e0 souhait. En bonus, le Riesling de Riquewihr de la partie alsacienne du Domaine : vivacit\u00e9 et aromatique garanties !<\/p>\n\n\n\n<figure class=\"wp-block-image size-large\"><img decoding=\"async\" src=\"http:\/\/lesjoliescuvees.com\/wp-content\/uploads\/2021\/01\/les.jolies.cuvees.trapet.gevrey.petite.chapelle.jpg\" alt=\"\" class=\"wp-image-659\"\/><figcaption>Gevrey 1er Cru Petite Chapelle, termin\u00e9<\/figcaption><\/figure>\n\n\n\n<figure class=\"wp-block-image size-large\"><img decoding=\"async\" src=\"http:\/\/lesjoliescuvees.com\/wp-content\/uploads\/2021\/01\/les.jolies.cuvees.trapet.gevrey.ostrea.jpg\" alt=\"\" class=\"wp-image-660\"\/><figcaption>Gevrey-Chambertin Ostrea, termin\u00e9<\/figcaption><\/figure>\n\n\n\n<figure class=\"wp-block-image size-large\"><img decoding=\"async\" src=\"http:\/\/lesjoliescuvees.com\/wp-content\/uploads\/2021\/01\/les.jolies.cuvees.trapet.gevrey.jpg\" alt=\"\" class=\"wp-image-661\"\/><figcaption>Gevrey-Chambertin, termin\u00e9<\/figcaption><\/figure>\n\n\n\n<figure class=\"wp-block-image size-large\"><img decoding=\"async\" src=\"http:\/\/lesjoliescuvees.com\/wp-content\/uploads\/2021\/01\/les.jolies.cuvees.trapet.marsannay.rouge_.jpg\" alt=\"\" class=\"wp-image-662\"\/><figcaption>Marsannay rouge, termin\u00e9<\/figcaption><\/figure>\n\n\n\n<figure class=\"wp-block-image size-large\"><img decoding=\"async\" src=\"http:\/\/lesjoliescuvees.com\/wp-content\/uploads\/2021\/01\/les.jolies.cuvees.trapet.marsannay.blanc_.jpg\" alt=\"\" class=\"wp-image-663\"\/><figcaption>Marsannay blanc, termin\u00e9<\/figcaption><\/figure>\n\n\n\n<figure class=\"wp-block-image size-large\"><img decoding=\"async\" src=\"http:\/\/lesjoliescuvees.com\/wp-content\/uploads\/2021\/01\/les.jolies.cuvees.trapet.a.minima.jpg\" alt=\"\" class=\"wp-image-664\"\/><figcaption>Bourgogne A Minima rouge, termin\u00e9<\/figcaption><\/figure>\n\n\n\n<figure class=\"wp-block-image size-large\"><img decoding=\"async\" src=\"http:\/\/lesjoliescuvees.com\/wp-content\/uploads\/2021\/01\/les.jolies.cuvees.trapet.riesling.riquewihr.jpg\" alt=\"\" class=\"wp-image-665\"\/><figcaption>Riesling Riquewihr, termin\u00e9<\/figcaption><\/figure>\n\n\n\n<p><\/p>\n","protected":false},"excerpt":{"rendered":"<p>(Fran\u00e7ois) L&rsquo;une des toutes 1\u00e8res ventes des Jolies Cuv\u00e9es revient avec le nouveau mill\u00e9sime mis en vente par le domaine Trapet : 2018 ! Ce domaine embl\u00e9matique de Gevrey-Chambertin poursuit sa qu\u00eate d&rsquo;excellence \u00e0 travers les mill\u00e9simes, pour notre plus grand bonheur. Le mill\u00e9sime 2018 est grandiose, offrant, selon les mots de la famille Trapet, [&#8230;]\n","protected":false},"author":1,"featured_media":0,"comment_status":"closed","ping_status":"open","sticky":false,"template":"","format":"standard","meta":{"footnotes":""},"categories":[2],"tags":[10,12,5],"class_list":["post-657","post","type-post","status-publish","format-standard","hentry","category-ventes","tag-biodynamie","tag-gevrey","tag-vin-rare"],"_links":{"self":[{"href":"https:\/\/lesjoliescuvees.com\/index.php\/wp-json\/wp\/v2\/posts\/657","targetHints":{"allow":["GET"]}}],"collection":[{"href":"https:\/\/lesjoliescuvees.com\/index.php\/wp-json\/wp\/v2\/posts"}],"about":[{"href":"https:\/\/lesjoliescuvees.com\/index.php\/wp-json\/wp\/v2\/types\/post"}],"author":[{"embeddable":true,"href":"https:\/\/lesjoliescuvees.com\/index.php\/wp-json\/wp\/v2\/users\/1"}],"replies":[{"embeddable":true,"href":"https:\/\/lesjoliescuvees.com\/index.php\/wp-json\/wp\/v2\/comments?post=657"}],"version-history":[{"count":5,"href":"https:\/\/lesjoliescuvees.com\/index.php\/wp-json\/wp\/v2\/posts\/657\/revisions"}],"predecessor-version":[{"id":712,"href":"https:\/\/lesjoliescuvees.com\/index.php\/wp-json\/wp\/v2\/posts\/657\/revisions\/712"}],"wp:attachment":[{"href":"https:\/\/lesjoliescuvees.com\/index.php\/wp-json\/wp\/v2\/media?parent=657"}],"wp:term":[{"taxonomy":"category","embeddable":true,"href":"https:\/\/lesjoliescuvees.com\/index.php\/wp-json\/wp\/v2\/categories?post=657"},{"taxonomy":"post_tag","embeddable":true,"href":"https:\/\/lesjoliescuvees.com\/index.php\/wp-json\/wp\/v2\/tags?post=657"}],"curies":[{"name":"wp","href":"https:\/\/api.w.org\/{rel}","templated":true}]}}