{"id":6482,"date":"2024-08-05T16:28:11","date_gmt":"2024-08-05T14:28:11","guid":{"rendered":"https:\/\/lesjoliescuvees.com\/?p=6482"},"modified":"2024-08-12T16:54:08","modified_gmt":"2024-08-12T14:54:08","slug":"les-ventes-de-lete-sud-ouest","status":"publish","type":"post","link":"https:\/\/lesjoliescuvees.com\/index.php\/2024\/08\/05\/les-ventes-de-lete-sud-ouest\/","title":{"rendered":"Les Ventes de l&rsquo;\u00e9t\u00e9 &#8211; Sud-Ouest &#8211; termin\u00e9"},"content":{"rendered":"\n<p>Cet \u00e9t\u00e9 sur Les Jolies Cuv\u00e9es, nous vous proposons chaque semaine une vente sp\u00e9ciale \u00e0 prix quasi-co\u00fbtant, en mettant \u00e0 l&rsquo;honneur une des r\u00e9gions ou cat\u00e9gories pr\u00e9sentes sur le site.<\/p>\n\n\n\n<p>Cette semaine, direction le Sud-Ouest et sa multitude d&rsquo;appellations et leurs c\u00e9pages embl\u00e9matiques. Trois secteurs de cette large r\u00e9gion viticole sont \u00e0 l&rsquo;honneur : Cahors d&rsquo;abord, avec deux domaines de la jeune g\u00e9n\u00e9ration au sommet : Mas del P\u00e9ri\u00e9 et La Calmette ; puis petit passage en Lot-Garonne, sur les C\u00f4tes du Marmandais, avec le couple de vignerons stars de l&rsquo;appellation, Elian da Ros et Sandrine Farrugia ; enfin \u00e0 l&rsquo;extr\u00eame sud-ouest, passage oblig\u00e9 au c\u0153ur du Pays Basque et les coteaux d&rsquo;Iroul\u00e9guy avec deux domaines, pour deux g\u00e9n\u00e9rations : Arretxea et Bordatto. De tr\u00e8s grandes cuv\u00e9es de caract\u00e8re pour d\u00e9couvrir de la meilleure mani\u00e8re le Malbec, l&rsquo;Abouriou, ou les fameux Mansengs !<\/p>\n","protected":false},"excerpt":{"rendered":"<p>Cet \u00e9t\u00e9 sur Les Jolies Cuv\u00e9es, nous vous proposons chaque semaine une vente sp\u00e9ciale \u00e0 prix quasi-co\u00fbtant, en mettant \u00e0 l&rsquo;honneur une des r\u00e9gions ou cat\u00e9gories pr\u00e9sentes sur le site. Cette semaine, direction le Sud-Ouest et sa multitude d&rsquo;appellations et leurs c\u00e9pages embl\u00e9matiques. Trois secteurs de cette large r\u00e9gion viticole sont \u00e0 l&rsquo;honneur : Cahors [&#8230;]\n","protected":false},"author":1,"featured_media":0,"comment_status":"closed","ping_status":"open","sticky":false,"template":"","format":"standard","meta":{"footnotes":""},"categories":[2],"tags":[33,385,167,198,343,5],"class_list":["post-6482","post","type-post","status-publish","format-standard","hentry","category-ventes","tag-cahors","tag-cotes-du-marmandais","tag-irouleguy","tag-sud-ouest","tag-vin-nature","tag-vin-rare"],"_links":{"self":[{"href":"https:\/\/lesjoliescuvees.com\/index.php\/wp-json\/wp\/v2\/posts\/6482","targetHints":{"allow":["GET"]}}],"collection":[{"href":"https:\/\/lesjoliescuvees.com\/index.php\/wp-json\/wp\/v2\/posts"}],"about":[{"href":"https:\/\/lesjoliescuvees.com\/index.php\/wp-json\/wp\/v2\/types\/post"}],"author":[{"embeddable":true,"href":"https:\/\/lesjoliescuvees.com\/index.php\/wp-json\/wp\/v2\/users\/1"}],"replies":[{"embeddable":true,"href":"https:\/\/lesjoliescuvees.com\/index.php\/wp-json\/wp\/v2\/comments?post=6482"}],"version-history":[{"count":3,"href":"https:\/\/lesjoliescuvees.com\/index.php\/wp-json\/wp\/v2\/posts\/6482\/revisions"}],"predecessor-version":[{"id":6546,"href":"https:\/\/lesjoliescuvees.com\/index.php\/wp-json\/wp\/v2\/posts\/6482\/revisions\/6546"}],"wp:attachment":[{"href":"https:\/\/lesjoliescuvees.com\/index.php\/wp-json\/wp\/v2\/media?parent=6482"}],"wp:term":[{"taxonomy":"category","embeddable":true,"href":"https:\/\/lesjoliescuvees.com\/index.php\/wp-json\/wp\/v2\/categories?post=6482"},{"taxonomy":"post_tag","embeddable":true,"href":"https:\/\/lesjoliescuvees.com\/index.php\/wp-json\/wp\/v2\/tags?post=6482"}],"curies":[{"name":"wp","href":"https:\/\/api.w.org\/{rel}","templated":true}]}}