{"id":6209,"date":"2024-06-10T12:12:01","date_gmt":"2024-06-10T10:12:01","guid":{"rendered":"https:\/\/lesjoliescuvees.com\/?p=6209"},"modified":"2024-06-11T10:02:48","modified_gmt":"2024-06-11T08:02:48","slug":"domaine-maxime-renaudin-jusquau-18-juin","status":"publish","type":"post","link":"https:\/\/lesjoliescuvees.com\/index.php\/2024\/06\/10\/domaine-maxime-renaudin-jusquau-18-juin\/","title":{"rendered":"Domaine Maxime Renaudin &#8211; termin\u00e9"},"content":{"rendered":"\n<p>Nouveau domaine sur Les Jolies Cuv\u00e9es avec l&rsquo;arriv\u00e9e du domaine Maxime Renaudin. Au c\u0153ur de l&rsquo;H\u00e9rault, au nord de Montpellier, Maxime Renaudin, form\u00e9 au domaine renomm\u00e9 La Grande des P\u00e8res, a cr\u00e9\u00e9 son domaine en 2018. Syrah, grenache, et carignan se r\u00e9partissent sur les 5 hectares du domaine, puis sont vinifi\u00e9s s\u00e9par\u00e9ment durant 24 mois en f\u00fbts. Dans la lign\u00e9e de Laurent Vaill\u00e9, Maxime Renaudin a pour objectif la cr\u00e9ation de cuv\u00e9es d&rsquo;assemblage tout en finesse.<\/p>\n\n\n\n<p>Les vins sont magnifiques, une cuv\u00e9e d&rsquo;assemblage et une cuv\u00e9e 100% carignan, offrant un puissant bouquet de fruits noirs et d&rsquo;\u00e9pices. Les tannins sont fondus, un l\u00e9ger carafage sublimera le tout. Un jeune domaine \u00e0 suivre assur\u00e9ment.<\/p>\n","protected":false},"excerpt":{"rendered":"<p>Nouveau domaine sur Les Jolies Cuv\u00e9es avec l&rsquo;arriv\u00e9e du domaine Maxime Renaudin. Au c\u0153ur de l&rsquo;H\u00e9rault, au nord de Montpellier, Maxime Renaudin, form\u00e9 au domaine renomm\u00e9 La Grande des P\u00e8res, a cr\u00e9\u00e9 son domaine en 2018. Syrah, grenache, et carignan se r\u00e9partissent sur les 5 hectares du domaine, puis sont vinifi\u00e9s s\u00e9par\u00e9ment durant 24 mois [&#8230;]\n","protected":false},"author":1,"featured_media":0,"comment_status":"closed","ping_status":"open","sticky":false,"template":"","format":"standard","meta":{"footnotes":""},"categories":[2],"tags":[430,5],"class_list":["post-6209","post","type-post","status-publish","format-standard","hentry","category-ventes","tag-languedoc","tag-vin-rare"],"_links":{"self":[{"href":"https:\/\/lesjoliescuvees.com\/index.php\/wp-json\/wp\/v2\/posts\/6209","targetHints":{"allow":["GET"]}}],"collection":[{"href":"https:\/\/lesjoliescuvees.com\/index.php\/wp-json\/wp\/v2\/posts"}],"about":[{"href":"https:\/\/lesjoliescuvees.com\/index.php\/wp-json\/wp\/v2\/types\/post"}],"author":[{"embeddable":true,"href":"https:\/\/lesjoliescuvees.com\/index.php\/wp-json\/wp\/v2\/users\/1"}],"replies":[{"embeddable":true,"href":"https:\/\/lesjoliescuvees.com\/index.php\/wp-json\/wp\/v2\/comments?post=6209"}],"version-history":[{"count":4,"href":"https:\/\/lesjoliescuvees.com\/index.php\/wp-json\/wp\/v2\/posts\/6209\/revisions"}],"predecessor-version":[{"id":6311,"href":"https:\/\/lesjoliescuvees.com\/index.php\/wp-json\/wp\/v2\/posts\/6209\/revisions\/6311"}],"wp:attachment":[{"href":"https:\/\/lesjoliescuvees.com\/index.php\/wp-json\/wp\/v2\/media?parent=6209"}],"wp:term":[{"taxonomy":"category","embeddable":true,"href":"https:\/\/lesjoliescuvees.com\/index.php\/wp-json\/wp\/v2\/categories?post=6209"},{"taxonomy":"post_tag","embeddable":true,"href":"https:\/\/lesjoliescuvees.com\/index.php\/wp-json\/wp\/v2\/tags?post=6209"}],"curies":[{"name":"wp","href":"https:\/\/api.w.org\/{rel}","templated":true}]}}