{"id":3659,"date":"2022-09-21T13:43:41","date_gmt":"2022-09-21T11:43:41","guid":{"rendered":"https:\/\/lesjoliescuvees.com\/?p=3659"},"modified":"2022-10-03T14:27:03","modified_gmt":"2022-10-03T12:27:03","slug":"domaines-kreydenweiss-jusquau-5-octobre","status":"publish","type":"post","link":"https:\/\/lesjoliescuvees.com\/index.php\/2022\/09\/21\/domaines-kreydenweiss-jusquau-5-octobre\/","title":{"rendered":"Domaines Kreydenweiss &#8211; termin\u00e9"},"content":{"rendered":"\n<p>Retour du Domaine <a rel=\"noreferrer noopener\" href=\"http:\/\/www.kreydenweiss.com\/\" target=\"_blank\">Marc Kreydenweiss<\/a> sur Les Jolies Cuv\u00e9es. Aur\u00e9ol\u00e9 d&rsquo;une 3\u00e8me \u00e9toile au fameux Guide Vert de la RVF, ce domaine alsacien confirme une nouvelle fois sa place au sein des plus grands domaines de cette r\u00e9gion. 100% biodynamie, comme souvent en Alsace, \u00e9levages allong\u00e9s, tr\u00e8s peu de soufre,&#8230; La diversit\u00e9 des terroirs alli\u00e9e \u00e0 de nouvelles exp\u00e9rimentations (blancs de mac\u00e9ration, assemblages) fait de ce domaine l&rsquo;un des plus enthousiasmants du vignoble. Et pour compl\u00e9ter le plaisir de ces grands blancs d&rsquo;Alsace, la d\u00e9localisation dans le Gard avec la cr\u00e9ation d&rsquo;un second domaine nous offre des cuv\u00e9es en rouge d&rsquo;une tr\u00e8s grande finesse !<\/p>\n\n\n\n<p>Quelques mots sur les vins. Les rouges du Gard sont impressionnants de finesse et de gourmandise. Le KA provient de vignes de carignan centenaires. Les blancs d&rsquo;Alsace sont min\u00e9raux et frais. Le Kastelberg est un grand cru magnifique, au potentiel de garde incroyable ! Le Rebberg et le Val d&rsquo;El\u00e9on sont de tr\u00e8s beaux terroirs. Tr\u00e8s beaux assemblages sur les Lune \u00e0 boire, avec l&rsquo;occasion de d\u00e9couvrir avec la cuv\u00e9e Orange tout l&rsquo;int\u00e9r\u00eat de la mac\u00e9ration sur les blancs, et notamment sur les c\u00e9pages tr\u00e8s aromatiques comme le gewurztraminer !<\/p>\n\n\n\n<div class=\"wp-block-buttons is-layout-flex wp-block-buttons-is-layout-flex\"><\/div>\n","protected":false},"excerpt":{"rendered":"<p>Retour du Domaine Marc Kreydenweiss sur Les Jolies Cuv\u00e9es. Aur\u00e9ol\u00e9 d&rsquo;une 3\u00e8me \u00e9toile au fameux Guide Vert de la RVF, ce domaine alsacien confirme une nouvelle fois sa place au sein des plus grands domaines de cette r\u00e9gion. 100% biodynamie, comme souvent en Alsace, \u00e9levages allong\u00e9s, tr\u00e8s peu de soufre,&#8230; La diversit\u00e9 des terroirs alli\u00e9e [&#8230;]\n","protected":false},"author":1,"featured_media":0,"comment_status":"closed","ping_status":"open","sticky":false,"template":"","format":"standard","meta":{"footnotes":""},"categories":[2],"tags":[13,10],"class_list":["post-3659","post","type-post","status-publish","format-standard","hentry","category-ventes","tag-alsace","tag-biodynamie"],"_links":{"self":[{"href":"https:\/\/lesjoliescuvees.com\/index.php\/wp-json\/wp\/v2\/posts\/3659","targetHints":{"allow":["GET"]}}],"collection":[{"href":"https:\/\/lesjoliescuvees.com\/index.php\/wp-json\/wp\/v2\/posts"}],"about":[{"href":"https:\/\/lesjoliescuvees.com\/index.php\/wp-json\/wp\/v2\/types\/post"}],"author":[{"embeddable":true,"href":"https:\/\/lesjoliescuvees.com\/index.php\/wp-json\/wp\/v2\/users\/1"}],"replies":[{"embeddable":true,"href":"https:\/\/lesjoliescuvees.com\/index.php\/wp-json\/wp\/v2\/comments?post=3659"}],"version-history":[{"count":4,"href":"https:\/\/lesjoliescuvees.com\/index.php\/wp-json\/wp\/v2\/posts\/3659\/revisions"}],"predecessor-version":[{"id":3766,"href":"https:\/\/lesjoliescuvees.com\/index.php\/wp-json\/wp\/v2\/posts\/3659\/revisions\/3766"}],"wp:attachment":[{"href":"https:\/\/lesjoliescuvees.com\/index.php\/wp-json\/wp\/v2\/media?parent=3659"}],"wp:term":[{"taxonomy":"category","embeddable":true,"href":"https:\/\/lesjoliescuvees.com\/index.php\/wp-json\/wp\/v2\/categories?post=3659"},{"taxonomy":"post_tag","embeddable":true,"href":"https:\/\/lesjoliescuvees.com\/index.php\/wp-json\/wp\/v2\/tags?post=3659"}],"curies":[{"name":"wp","href":"https:\/\/api.w.org\/{rel}","templated":true}]}}